{"id":28804,"date":"2020-05-07T17:54:43","date_gmt":"2020-05-07T17:54:43","guid":{"rendered":"http:\/\/www.cremeb.org.br\/?p=28804"},"modified":"2020-05-07T22:00:53","modified_gmt":"2020-05-07T22:00:53","slug":"protocolo-de-manejo-clinico-do-coronavirus-covid-19-na-atencao-primaria-a-saude-versao-8","status":"publish","type":"post","link":"https:\/\/www.cremeb.org.br\/index.php\/normas\/protocolo-de-manejo-clinico-do-coronavirus-covid-19-na-atencao-primaria-a-saude-versao-8\/","title":{"rendered":"Protocolo de Manejo Cl\u00ednico do Coronav\u00edrus (COVID-19) na Aten\u00e7\u00e3o Prim\u00e1ria \u00e0 Sa\u00fade \u2013 Vers\u00e3o 8"},"content":{"rendered":"","protected":false},"excerpt":{"rendered":"","protected":false},"author":2,"featured_media":0,"comment_status":"open","ping_status":"open","sticky":false,"template":"","format":"standard","meta":{"_expiration-date-status":"saved","_expiration-date":0,"_expiration-date-type":"","_expiration-date-categories":[],"_expiration-date-options":[]},"categories":[35],"tags":[],"acf":[],"_links":{"self":[{"href":"https:\/\/www.cremeb.org.br\/index.php\/wp-json\/wp\/v2\/posts\/28804"}],"collection":[{"href":"https:\/\/www.cremeb.org.br\/index.php\/wp-json\/wp\/v2\/posts"}],"about":[{"href":"https:\/\/www.cremeb.org.br\/index.php\/wp-json\/wp\/v2\/types\/post"}],"author":[{"embeddable":true,"href":"https:\/\/www.cremeb.org.br\/index.php\/wp-json\/wp\/v2\/users\/2"}],"replies":[{"embeddable":true,"href":"https:\/\/www.cremeb.org.br\/index.php\/wp-json\/wp\/v2\/comments?post=28804"}],"version-history":[{"count":2,"href":"https:\/\/www.cremeb.org.br\/index.php\/wp-json\/wp\/v2\/posts\/28804\/revisions"}],"predecessor-version":[{"id":28807,"href":"https:\/\/www.cremeb.org.br\/index.php\/wp-json\/wp\/v2\/posts\/28804\/revisions\/28807"}],"wp:attachment":[{"href":"https:\/\/www.cremeb.org.br\/index.php\/wp-json\/wp\/v2\/media?parent=28804"}],"wp:term":[{"taxonomy":"category","embeddable":true,"href":"https:\/\/www.cremeb.org.br\/index.php\/wp-json\/wp\/v2\/categories?post=28804"},{"taxonomy":"post_tag","embeddable":true,"href":"https:\/\/www.cremeb.org.br\/index.php\/wp-json\/wp\/v2\/tags?post=28804"}],"curies":[{"name":"wp","href":"https:\/\/api.w.org\/{rel}","templated":true}]}}