{"id":28649,"date":"2020-03-28T17:14:55","date_gmt":"2020-03-28T17:14:55","guid":{"rendered":"http:\/\/www.cremeb.org.br\/?p=28649"},"modified":"2020-04-28T20:20:44","modified_gmt":"2020-04-28T20:20:44","slug":"protocolo-de-manejo-clinico-do-coronavirus-covid-19-na-atencao-primaria-a-saude-versao-3","status":"publish","type":"post","link":"https:\/\/www.cremeb.org.br\/index.php\/normas\/protocolo-de-manejo-clinico-do-coronavirus-covid-19-na-atencao-primaria-a-saude-versao-3\/","title":{"rendered":"Protocolo de Manejo Cl\u00ednico do Coronav\u00edrus (COVID-19) na Aten\u00e7\u00e3o Prim\u00e1ria \u00e0 Sa\u00fade &#8211; Vers\u00e3o 3"},"content":{"rendered":"","protected":false},"excerpt":{"rendered":"","protected":false},"author":2,"featured_media":0,"comment_status":"open","ping_status":"open","sticky":false,"template":"","format":"standard","meta":{"_expiration-date-status":"saved","_expiration-date":0,"_expiration-date-type":"","_expiration-date-categories":[],"_expiration-date-options":[]},"categories":[35],"tags":[],"acf":[],"_links":{"self":[{"href":"https:\/\/www.cremeb.org.br\/index.php\/wp-json\/wp\/v2\/posts\/28649"}],"collection":[{"href":"https:\/\/www.cremeb.org.br\/index.php\/wp-json\/wp\/v2\/posts"}],"about":[{"href":"https:\/\/www.cremeb.org.br\/index.php\/wp-json\/wp\/v2\/types\/post"}],"author":[{"embeddable":true,"href":"https:\/\/www.cremeb.org.br\/index.php\/wp-json\/wp\/v2\/users\/2"}],"replies":[{"embeddable":true,"href":"https:\/\/www.cremeb.org.br\/index.php\/wp-json\/wp\/v2\/comments?post=28649"}],"version-history":[{"count":1,"href":"https:\/\/www.cremeb.org.br\/index.php\/wp-json\/wp\/v2\/posts\/28649\/revisions"}],"predecessor-version":[{"id":28651,"href":"https:\/\/www.cremeb.org.br\/index.php\/wp-json\/wp\/v2\/posts\/28649\/revisions\/28651"}],"wp:attachment":[{"href":"https:\/\/www.cremeb.org.br\/index.php\/wp-json\/wp\/v2\/media?parent=28649"}],"wp:term":[{"taxonomy":"category","embeddable":true,"href":"https:\/\/www.cremeb.org.br\/index.php\/wp-json\/wp\/v2\/categories?post=28649"},{"taxonomy":"post_tag","embeddable":true,"href":"https:\/\/www.cremeb.org.br\/index.php\/wp-json\/wp\/v2\/tags?post=28649"}],"curies":[{"name":"wp","href":"https:\/\/api.w.org\/{rel}","templated":true}]}}