{"id":28523,"date":"2020-04-22T09:00:19","date_gmt":"2020-04-22T12:00:19","guid":{"rendered":"http:\/\/www.cremeb.org.br\/?p=28523"},"modified":"2024-07-23T16:24:05","modified_gmt":"2024-07-23T19:24:05","slug":"coronavirus-cremeb-fiscaliza-hospital-teresa-de-lisieux-para-verificar-utilizacao-de-epis","status":"publish","type":"post","link":"https:\/\/www.cremeb.org.br\/index.php\/noticias\/coronavirus-cremeb-fiscaliza-hospital-teresa-de-lisieux-para-verificar-utilizacao-de-epis\/","title":{"rendered":"Coronav\u00edrus: Cremeb fiscaliza Hospital Teresa de Lisieux para verificar utiliza\u00e7\u00e3o de EPIs"},"content":{"rendered":"<p>O Conselho Regional de Medicina do Estado da Bahia (Cremeb) realizou fiscaliza\u00e7\u00e3o na Unidade de Tratamento Intensivo (UTI) do Hospital Teresa de Lisieux (Hapvida), que fica localizado na Av. ACM, para apurar den\u00fancia sobre o uso inadequado de Equipamentos de Prote\u00e7\u00e3o Individual (EPIs).<\/p>\n<p>A inspe\u00e7\u00e3o, que aconteceu no dia 06 de abril, foi realizada pela m\u00e9dica fiscal do Cremeb Gilneide Souza e pelo conselheiro Luciano Ferreira e contou com a presen\u00e7a de uma equipe da Vigil\u00e2ncia Sanit\u00e1ria e da presidente do Sindicato dos M\u00e9dicos do Estado da Bahia (Sindimed), Dra. Ana Rita de Luna.<\/p>\n<p>No decorrer da visita \u00e0 UTI 2, reservada para pacientes com diagn\u00f3stico ou suspeita da COVID-19, foram constatadas n\u00e3o conformidades relacionadas ao descarte de EPI&#8217;s contaminados, bem como ao fluxo de descarte deste material sujo.<\/p>\n<p>Visando a corre\u00e7\u00e3o dos processos, a equipe da Vigil\u00e2ncia Sanit\u00e1ria deu as devidas orienta\u00e7\u00f5es \u00e0 equipe t\u00e9cnica do setor. No momento da visita, haviam tr\u00eas pacientes internados nessa UTI, um positivo para coronav\u00edrus e dois suspeitos aguardando confirma\u00e7\u00e3o.<\/p>\n<p>A diretora t\u00e9cnica do Hospital Teresa de Lisieux informou \u00e0 equipe de fiscaliza\u00e7\u00e3o que, no momento da inspe\u00e7\u00e3o, haviam tr\u00eas pacientes positivos para o novo coronav\u00edrus, estando os outros dois internados na enfermaria da unidade.<\/p>\n<p>Quanto \u00e0 disponibilidade de EPI para os profissionais que est\u00e3o na linha de frente do atendimento a estes pacientes, verificou-se que a equipe se encontrava paramentada com gorro, capas, luvas, \u00f3culos de prote\u00e7\u00e3o, m\u00e1scara N95 e m\u00e1scara de acetato.<\/p>\n<p>&nbsp;<\/p>\n<p><a href=\"https:\/\/www.facebook.com\/cremeb.ba\/videos\/812733435898738\/\">Confira aqui como a forma correta de colocar e retirar os EPIs<\/a><\/p>\n","protected":false},"excerpt":{"rendered":"<p>O Conselho Regional de Medicina do Estado da Bahia (Cremeb) realizou fiscaliza\u00e7\u00e3o na Unidade de Tratamento Intensivo (UTI) do Hospital [&hellip;]<\/p>\n","protected":false},"author":2,"featured_media":28541,"comment_status":"open","ping_status":"open","sticky":false,"template":"","format":"standard","meta":{"_expiration-date-status":"","_expiration-date":0,"_expiration-date-type":"","_expiration-date-categories":[],"_expiration-date-options":[]},"categories":[4,1,28],"tags":[],"acf":[],"_links":{"self":[{"href":"https:\/\/www.cremeb.org.br\/index.php\/wp-json\/wp\/v2\/posts\/28523"}],"collection":[{"href":"https:\/\/www.cremeb.org.br\/index.php\/wp-json\/wp\/v2\/posts"}],"about":[{"href":"https:\/\/www.cremeb.org.br\/index.php\/wp-json\/wp\/v2\/types\/post"}],"author":[{"embeddable":true,"href":"https:\/\/www.cremeb.org.br\/index.php\/wp-json\/wp\/v2\/users\/2"}],"replies":[{"embeddable":true,"href":"https:\/\/www.cremeb.org.br\/index.php\/wp-json\/wp\/v2\/comments?post=28523"}],"version-history":[{"count":7,"href":"https:\/\/www.cremeb.org.br\/index.php\/wp-json\/wp\/v2\/posts\/28523\/revisions"}],"predecessor-version":[{"id":28562,"href":"https:\/\/www.cremeb.org.br\/index.php\/wp-json\/wp\/v2\/posts\/28523\/revisions\/28562"}],"wp:featuredmedia":[{"embeddable":true,"href":"https:\/\/www.cremeb.org.br\/index.php\/wp-json\/wp\/v2\/media\/28541"}],"wp:attachment":[{"href":"https:\/\/www.cremeb.org.br\/index.php\/wp-json\/wp\/v2\/media?parent=28523"}],"wp:term":[{"taxonomy":"category","embeddable":true,"href":"https:\/\/www.cremeb.org.br\/index.php\/wp-json\/wp\/v2\/categories?post=28523"},{"taxonomy":"post_tag","embeddable":true,"href":"https:\/\/www.cremeb.org.br\/index.php\/wp-json\/wp\/v2\/tags?post=28523"}],"curies":[{"name":"wp","href":"https:\/\/api.w.org\/{rel}","templated":true}]}}