{"id":28453,"date":"2020-04-16T12:25:12","date_gmt":"2020-04-16T15:25:12","guid":{"rendered":"http:\/\/www.cremeb.org.br\/?p=28453"},"modified":"2024-07-23T16:24:14","modified_gmt":"2024-07-23T19:24:14","slug":"covid-19-cremeb-fiscaliza-reestruturacao-do-hospital-ernesto-simoes","status":"publish","type":"post","link":"https:\/\/www.cremeb.org.br\/index.php\/noticias\/covid-19-cremeb-fiscaliza-reestruturacao-do-hospital-ernesto-simoes\/","title":{"rendered":"COVID-19: Cremeb fiscaliza reestrutura\u00e7\u00e3o do Hospital Ernesto Sim\u00f5es"},"content":{"rendered":"<p>Ap\u00f3s receber den\u00fancias referente ao fluxo de entrada e sa\u00edda de profissionais, o Conselho Regional de Medicina do Estado da Bahia (Cremeb) realizou, na \u00faltima segunda-feira (13), uma fiscaliza\u00e7\u00e3o no Hospital Ernesto Sim\u00f5es (localizado na Caixa D&#8217;agua), recentemente designado para ser unidade de refer\u00eancia para COVID-19 durante a pandemia.<\/p>\n<p>Fotos enviadas ao Conselho demonstravam aglomera\u00e7\u00e3o na entrada dos profissionais devido ao protocolo do novo coronav\u00edrus, que inclui a necessidade de guarda de pertences pessoais e recebimento de equipamentos de seguran\u00e7a individual (EPIs). Al\u00e9m disso, o local para a entrada dos funcion\u00e1rios no hospital n\u00e3o possui cobertura, expondo os mesmos a chuva e sol.<\/p>\n<div id=\"attachment_28455\" style=\"width: 211px\" class=\"wp-caption aligncenter\"><a href=\"http:\/\/www.cremeb.org.br\/wp-content\/uploads\/2020\/04\/lsp_125504f9ce368221963ae400a7bb1232_150420-010558.jpeg\"><img aria-describedby=\"caption-attachment-28455\" decoding=\"async\" loading=\"lazy\" class=\"wp-image-28455 size-medium\" src=\"http:\/\/www.cremeb.org.br\/wp-content\/uploads\/2020\/04\/lsp_125504f9ce368221963ae400a7bb1232_150420-010558-201x268.jpeg\" alt=\"\" width=\"201\" height=\"268\" srcset=\"https:\/\/www.cremeb.org.br\/wp-content\/uploads\/2020\/04\/lsp_125504f9ce368221963ae400a7bb1232_150420-010558-201x268.jpeg 201w, https:\/\/www.cremeb.org.br\/wp-content\/uploads\/2020\/04\/lsp_125504f9ce368221963ae400a7bb1232_150420-010558.jpeg 768w\" sizes=\"(max-width: 201px) 100vw, 201px\" \/><\/a><p id=\"caption-attachment-28455\" class=\"wp-caption-text\">Foto enviada ao Cremeb<\/p><\/div>\n<p>Durante a visita, a m\u00e9dica fiscal Gilneide Souza e o vice-presidente do Cremeb e conselheiro federal, Julio Braga, perceberam que\u00a0os funcion\u00e1rios da unidade ainda n\u00e3o dominam o fluxo proposto, ocorrendo, por exemplo, descarte de EPIs em local indevido, a exemplo de uma segunda instala\u00e7\u00e3o de vesti\u00e1rios e banheiros na sa\u00edda do hospital, que corresponde a \u00faltima etapa do processo necess\u00e1rio antes dos servidores deixarem a unidade.<\/p>\n<p>Visando evitar uma maior quantidade de profissionais chegando simultaneamente, a diretora geral do Hospital, Cristina Franca, informou que estabeleceu mais de um hor\u00e1rio de entrada e sa\u00edda das equipes. Sobre o cumprimento do fluxo dos processos, ela afirmou que os funcion\u00e1rios receberam treinamento, mas reconheceu que h\u00e1 uma necessidade de intensificar o trabalho de educa\u00e7\u00e3o continuada. Alguns m\u00e9dicos entrevistados pela equipe do Cremeb confirmaram melhoras graduais no fluxo de chegada e sa\u00edda das equipes de profissionais de sa\u00fade.<\/p>\n<p>Para ajudar no descarte adequado dos EPIs, Dra. Cristina disse que j\u00e1 foram instalados novos hampers (tipo baldes), evitando que os materiais sejam despejados no ch\u00e3o da unidade, conforme vinha acontecendo na primeira semana de atendimento do funcionamento do setor. Por fim, a diretora informou que j\u00e1 solicitou \u00e0 Sesab a instala\u00e7\u00e3o de toldo de prote\u00e7\u00e3o para o de entrada e sa\u00edda da unidade e, segundo ela, a previs\u00e3o \u00e9 que o mesmo seja instalado ainda nesta semana.<\/p>\n","protected":false},"excerpt":{"rendered":"<p>Ap\u00f3s receber den\u00fancias referente ao fluxo de entrada e sa\u00edda de profissionais, o Conselho Regional de Medicina do Estado da [&hellip;]<\/p>\n","protected":false},"author":2,"featured_media":28456,"comment_status":"open","ping_status":"open","sticky":false,"template":"","format":"standard","meta":{"_expiration-date-status":"","_expiration-date":0,"_expiration-date-type":"","_expiration-date-categories":[],"_expiration-date-options":[]},"categories":[4,1,28],"tags":[],"acf":[],"_links":{"self":[{"href":"https:\/\/www.cremeb.org.br\/index.php\/wp-json\/wp\/v2\/posts\/28453"}],"collection":[{"href":"https:\/\/www.cremeb.org.br\/index.php\/wp-json\/wp\/v2\/posts"}],"about":[{"href":"https:\/\/www.cremeb.org.br\/index.php\/wp-json\/wp\/v2\/types\/post"}],"author":[{"embeddable":true,"href":"https:\/\/www.cremeb.org.br\/index.php\/wp-json\/wp\/v2\/users\/2"}],"replies":[{"embeddable":true,"href":"https:\/\/www.cremeb.org.br\/index.php\/wp-json\/wp\/v2\/comments?post=28453"}],"version-history":[{"count":5,"href":"https:\/\/www.cremeb.org.br\/index.php\/wp-json\/wp\/v2\/posts\/28453\/revisions"}],"predecessor-version":[{"id":28476,"href":"https:\/\/www.cremeb.org.br\/index.php\/wp-json\/wp\/v2\/posts\/28453\/revisions\/28476"}],"wp:featuredmedia":[{"embeddable":true,"href":"https:\/\/www.cremeb.org.br\/index.php\/wp-json\/wp\/v2\/media\/28456"}],"wp:attachment":[{"href":"https:\/\/www.cremeb.org.br\/index.php\/wp-json\/wp\/v2\/media?parent=28453"}],"wp:term":[{"taxonomy":"category","embeddable":true,"href":"https:\/\/www.cremeb.org.br\/index.php\/wp-json\/wp\/v2\/categories?post=28453"},{"taxonomy":"post_tag","embeddable":true,"href":"https:\/\/www.cremeb.org.br\/index.php\/wp-json\/wp\/v2\/tags?post=28453"}],"curies":[{"name":"wp","href":"https:\/\/api.w.org\/{rel}","templated":true}]}}