{"id":27944,"date":"2020-03-26T12:13:55","date_gmt":"2020-03-26T15:13:55","guid":{"rendered":"http:\/\/www.cremeb.org.br\/?p=27944"},"modified":"2024-07-23T16:24:31","modified_gmt":"2024-07-23T19:24:31","slug":"covid-19-cremeb-fiscaliza-seguranca-do-atendimento-em-unidade-do-hapvida","status":"publish","type":"post","link":"https:\/\/www.cremeb.org.br\/index.php\/noticias\/covid-19-cremeb-fiscaliza-seguranca-do-atendimento-em-unidade-do-hapvida\/","title":{"rendered":"COVID-19: Cremeb fiscaliza seguran\u00e7a do atendimento em unidade do Hapvida"},"content":{"rendered":"<p>Ap\u00f3s receber queixas questionando a seguran\u00e7a no atendimento na rede de cl\u00ednicas Hapvida e a falta de Equipamentos de Prote\u00e7\u00e3o Individual (EPI\u2019s) para os profissionais de sa\u00fade, o Conselho Regional de Medicina do Estado da Bahia (Cremeb) realizou, na \u00faltima sexta-feira (20), uma visita de fiscaliza\u00e7\u00e3o na HapCl\u00ednica Rio Vermelho, uma das unidades citadas. Foram flagradas algumas irregularidades relativas \u00e0s recomenda\u00e7\u00f5es para o atendimento neste momento de pandemia provocada pelo Coronav\u00edrus, denominada COVID-19.<\/p>\n<p>O Cremeb avaliou o fluxo de atendimento, em que se recomenda a identifica\u00e7\u00e3o imediata de pacientes com suspeita da COVID-19. Os pacientes deveriam ser questionados j\u00e1 na portaria quanto a sintomas respirat\u00f3rios e febre, at\u00e9 mesmo por um seguran\u00e7a treinado, mas na unidade eram questionados apenas na recep\u00e7\u00e3o. Se tivessem sinais de alerta e aceitassem, receberiam m\u00e1scaras \u201ccir\u00fargicas\u201d. Apesar desta importante a\u00e7\u00e3o, na cl\u00ednica n\u00e3o havia local espec\u00edfico para receber os pacientes sintom\u00e1ticos. Ainda que priorizados, os atendimentos eram realizados no mesmo ambiente em que os demais pacientes.<\/p>\n<p>Outra inconformidade apontada foi a n\u00e3o redu\u00e7\u00e3o de agendamentos e atendimentos por consultas eletivas pela HapCl\u00ednica. Na v\u00e9spera, havia mais de mil pacientes agendados. Felizmente compareceram menos da metade, segundo informado pela unidade. Entretanto, a redu\u00e7\u00e3o no n\u00famero de consultas foi devida aus\u00eancia \u00e0s consultas por parte dos pacientes, e n\u00e3o por orienta\u00e7\u00e3o da cl\u00ednica.<\/p>\n<p>&#8220;O Cremeb n\u00e3o quer o fechamento de unidades de sa\u00fade, mas \u00e9 preciso que se d\u00ea prioridade aos atendimentos urgentes, e que os demais usu\u00e1rios sejam orientados a reagendar aqueles atendimentos que possam ser adiados sem preju\u00edzo ao paciente&#8221;, ressalta o vice-presidente do Cremeb e conselheiro Federal, Dr. Julio Braga, que integrou a equipe de fiscaliza\u00e7\u00e3o.<\/p>\n<p>Foi avaliada tamb\u00e9m a disponibilidade de EPI&#8217;s para os profissionais. A equipe de fiscaliza\u00e7\u00e3o constatou que m\u00e9dicos haviam atendido, nos dias anteriores, pacientes com tosse, febre e dispneia, os sintomas principais da COVID-19, e realizado consultas em otorrinolaringologia (a cl\u00ednica \u00e9 a uma das unidades de refer\u00eancia da rede para a especialidade) sem \u00f3culos de prote\u00e7\u00e3o e sem capa. Durante a visita, o Cremeb constatou que n\u00e3o havia m\u00e1scaras N95, indicadas para atender pacientes suspeitos que emitam aeross\u00f3is, como aqueles que n\u00e3o tolerando usar m\u00e1scara e tossindo ou para examinar a orofaringe. N\u00e3o havia capas cir\u00fargicas descart\u00e1veis e \u00f3culos de prote\u00e7\u00e3o que tamb\u00e9m s\u00e3o indicadas em algumas situa\u00e7\u00f5es.<\/p>\n<p>&#8220;Essa a\u00e7\u00e3o visa garantir que os m\u00e9dicos trabalhem com seguran\u00e7a, j\u00e1 que, al\u00e9m da sa\u00fade pessoal deles, correm risco de contaminar futuros pacientes. Defende tamb\u00e9m a sociedade, ao n\u00e3o impedir a manuten\u00e7\u00e3o do atendimento, mas ao cobrar medidas que adequem as rotinas dos servi\u00e7os, para minimizar a prolifera\u00e7\u00e3o do v\u00edrus&#8221;, explica o vice-presidente do Cremeb. O Hapvida divulgou em nota em seu portal na internet que suspenderia as consultas eletivas marcadas para a partir do dia 21. Estas consultas ser\u00e3o reagendadas ap\u00f3s contato dos pacientes.<\/p>\n","protected":false},"excerpt":{"rendered":"<p>Ap\u00f3s receber queixas questionando a seguran\u00e7a no atendimento na rede de cl\u00ednicas Hapvida e a falta de Equipamentos de Prote\u00e7\u00e3o [&hellip;]<\/p>\n","protected":false},"author":2,"featured_media":28000,"comment_status":"open","ping_status":"open","sticky":false,"template":"","format":"standard","meta":{"_expiration-date-status":"","_expiration-date":0,"_expiration-date-type":"","_expiration-date-categories":[],"_expiration-date-options":[]},"categories":[4,1,28],"tags":[],"acf":[],"_links":{"self":[{"href":"https:\/\/www.cremeb.org.br\/index.php\/wp-json\/wp\/v2\/posts\/27944"}],"collection":[{"href":"https:\/\/www.cremeb.org.br\/index.php\/wp-json\/wp\/v2\/posts"}],"about":[{"href":"https:\/\/www.cremeb.org.br\/index.php\/wp-json\/wp\/v2\/types\/post"}],"author":[{"embeddable":true,"href":"https:\/\/www.cremeb.org.br\/index.php\/wp-json\/wp\/v2\/users\/2"}],"replies":[{"embeddable":true,"href":"https:\/\/www.cremeb.org.br\/index.php\/wp-json\/wp\/v2\/comments?post=27944"}],"version-history":[{"count":4,"href":"https:\/\/www.cremeb.org.br\/index.php\/wp-json\/wp\/v2\/posts\/27944\/revisions"}],"predecessor-version":[{"id":28023,"href":"https:\/\/www.cremeb.org.br\/index.php\/wp-json\/wp\/v2\/posts\/27944\/revisions\/28023"}],"wp:featuredmedia":[{"embeddable":true,"href":"https:\/\/www.cremeb.org.br\/index.php\/wp-json\/wp\/v2\/media\/28000"}],"wp:attachment":[{"href":"https:\/\/www.cremeb.org.br\/index.php\/wp-json\/wp\/v2\/media?parent=27944"}],"wp:term":[{"taxonomy":"category","embeddable":true,"href":"https:\/\/www.cremeb.org.br\/index.php\/wp-json\/wp\/v2\/categories?post=27944"},{"taxonomy":"post_tag","embeddable":true,"href":"https:\/\/www.cremeb.org.br\/index.php\/wp-json\/wp\/v2\/tags?post=27944"}],"curies":[{"name":"wp","href":"https:\/\/api.w.org\/{rel}","templated":true}]}}