{"id":13005,"date":"2017-03-03T18:19:24","date_gmt":"2017-03-03T21:19:24","guid":{"rendered":"http:\/\/www.cremeb.org.br\/?p=13005"},"modified":"2024-07-23T16:26:12","modified_gmt":"2024-07-23T19:26:12","slug":"cremeb-fiscaliza-fechamento-do-centro-cirurgico-do-ernesto-simoes","status":"publish","type":"post","link":"https:\/\/www.cremeb.org.br\/index.php\/noticias\/cremeb-fiscaliza-fechamento-do-centro-cirurgico-do-ernesto-simoes\/","title":{"rendered":"Cremeb fiscaliza fechamento do Centro Cir\u00fargico do Ernesto Sim\u00f5es"},"content":{"rendered":"<p>As motiva\u00e7\u00f5es que suspenderam o funcionamento do Centro Cir\u00fargico do Hospital Geral Ernesto Sim\u00f5es Filho (HGESF), em Salvador, foram o a alvo da fiscaliza\u00e7\u00e3o realizada pelo Conselho Regional de Medicina do Estado da Bahia (Cremeb) durante a manh\u00e3 de quinta-feira (02\/03). O conselheiro C\u00e9sar Amorim e o m\u00e9dico fiscal do Cremeb, Ildo Sim\u00f5es, foram recebidos pelos gestores do hospital para entenderem sobre a decis\u00e3o de fechamento da ala que est\u00e1 em reforma desde o dia 22 de fevereiro. Apesar das medidas adotadas para diminuir o impacto da interrup\u00e7\u00e3o do servi\u00e7o, cerca de 60% das cirurgias realizadas por m\u00eas no hospital n\u00e3o est\u00e3o sendo executadas.<\/p>\n<p>O Diretor Geral do HGESF, Dr. Luis Carlos Galv\u00e3o, explica que a necessidade de reformar o telhado e o forro do Centro Cir\u00fargico surgiu por uma infesta\u00e7\u00e3o de pombos no teto, mas aproveitou-se a situa\u00e7\u00e3o para modernizar toda a estrutura em uma s\u00f3 obra. &#8220;Quando decidimos por fechar a ala, recebemos o secret\u00e1rio de Sa\u00fade (F\u00e1bio Vilas-Boas) e chegamos num consenso de que era melhor paralisar o setor para uma reforma completa, ao inv\u00e9s de s\u00f3 resolver o problema dos pombos que criam ninhos, moram e deixam suas excre\u00e7\u00f5es nas canaletas do telhado&#8221;, explicou Galv\u00e3o. Em determinadas situa\u00e7\u00f5es, larvas de insetos ca\u00edram do telhado nas salas do Centro Cir\u00fargico.<\/p>\n<p>Apesar do fechamento da ala, algumas medidas foram adotadas para que a popula\u00e7\u00e3o n\u00e3o fique totalmente desassistida com a diminui\u00e7\u00e3o da oferta de cirurgias. &#8220;Algumas est\u00e3o sendo realizadas na sala de cirurgia da Emerg\u00eancia do pr\u00f3prio Ernesto Sim\u00f5es. Os procedimentos oncol\u00f3gicos est\u00e3o sendo transferidos para o Hospital Oct\u00e1vio Mangabeira, enquanto as cirurgias buco-maxilo-facial s\u00e3o transferidas para o Hospital S\u00e3o Rafael&#8221;, garantiu o diretor. Ainda de acordo com o m\u00e9dico, o Centro Cir\u00fargico do HGESF estar\u00e1 pronto e funcionando em 45 dias a contar da data in\u00edcio das obras, que come\u00e7aram no dia 24 de fevereiro.<\/p>\n<p>Foi informado \u00e0 fiscaliza\u00e7\u00e3o que as obras pretendem modernizar, mas n\u00e3o v\u00e3o aumentar o n\u00famero de leitos nem a gama de servi\u00e7os oferecidos pela unidade. O Centro Cir\u00fargico continuar\u00e1 operando com cinco salas, realizando cirurgias de alta complexidade, cirurgias vasculares, ortop\u00e9dicas e oncol\u00f3gicas. Al\u00e9m do Diretor Geral, o Diretor M\u00e9dico do Hospital, Jos\u00e9 Higino Cartaxo, tamb\u00e9m acompanhou a fiscaliza\u00e7\u00e3o do Cremeb.<\/p>\n\n\t\t<style type=\"text\/css\">\n\t\t\t#gallery-1 {\n\t\t\t\tmargin: auto;\n\t\t\t}\n\t\t\t#gallery-1 .gallery-item {\n\t\t\t\tfloat: left;\n\t\t\t\tmargin-top: 10px;\n\t\t\t\ttext-align: center;\n\t\t\t\twidth: 25%;\n\t\t\t}\n\t\t\t#gallery-1 img {\n\t\t\t\tborder: 2px solid #cfcfcf;\n\t\t\t}\n\t\t\t#gallery-1 .gallery-caption {\n\t\t\t\tmargin-left: 0;\n\t\t\t}\n\t\t\t\/* see gallery_shortcode() in wp-includes\/media.php *\/\n\t\t<\/style>\n\t\t<div id='gallery-1' class='gallery galleryid-13005 gallery-columns-4 gallery-size-thumbnail'><dl class='gallery-item'>\n\t\t\t<dt class='gallery-icon landscape'>\n\t\t\t\t<a href='https:\/\/www.cremeb.org.br\/index.php\/noticias\/cremeb-fiscaliza-fechamento-do-centro-cirurgico-do-ernesto-simoes\/attachment\/img_7386\/'><img width=\"150\" height=\"100\" src=\"https:\/\/www.cremeb.org.br\/wp-content\/uploads\/2017\/03\/IMG_7386-150x100.jpg\" class=\"attachment-thumbnail size-thumbnail\" alt=\"\" decoding=\"async\" loading=\"lazy\" srcset=\"https:\/\/www.cremeb.org.br\/wp-content\/uploads\/2017\/03\/IMG_7386-150x100.jpg 150w, https:\/\/www.cremeb.org.br\/wp-content\/uploads\/2017\/03\/IMG_7386-403x268.jpg 403w, https:\/\/www.cremeb.org.br\/wp-content\/uploads\/2017\/03\/IMG_7386-1024x683.jpg 1024w\" sizes=\"(max-width: 150px) 100vw, 150px\" \/><\/a>\n\t\t\t<\/dt><\/dl><dl class='gallery-item'>\n\t\t\t<dt class='gallery-icon landscape'>\n\t\t\t\t<a href='https:\/\/www.cremeb.org.br\/index.php\/noticias\/cremeb-fiscaliza-fechamento-do-centro-cirurgico-do-ernesto-simoes\/attachment\/img_7394\/'><img width=\"150\" height=\"100\" src=\"https:\/\/www.cremeb.org.br\/wp-content\/uploads\/2017\/03\/IMG_7394-150x100.jpg\" class=\"attachment-thumbnail size-thumbnail\" alt=\"\" decoding=\"async\" loading=\"lazy\" srcset=\"https:\/\/www.cremeb.org.br\/wp-content\/uploads\/2017\/03\/IMG_7394-150x100.jpg 150w, https:\/\/www.cremeb.org.br\/wp-content\/uploads\/2017\/03\/IMG_7394-403x268.jpg 403w, https:\/\/www.cremeb.org.br\/wp-content\/uploads\/2017\/03\/IMG_7394-1024x683.jpg 1024w\" sizes=\"(max-width: 150px) 100vw, 150px\" \/><\/a>\n\t\t\t<\/dt><\/dl><dl class='gallery-item'>\n\t\t\t<dt class='gallery-icon landscape'>\n\t\t\t\t<a href='https:\/\/www.cremeb.org.br\/index.php\/noticias\/cremeb-fiscaliza-fechamento-do-centro-cirurgico-do-ernesto-simoes\/attachment\/img_7393\/'><img width=\"150\" height=\"100\" src=\"https:\/\/www.cremeb.org.br\/wp-content\/uploads\/2017\/03\/IMG_7393-150x100.jpg\" class=\"attachment-thumbnail size-thumbnail\" alt=\"\" decoding=\"async\" loading=\"lazy\" srcset=\"https:\/\/www.cremeb.org.br\/wp-content\/uploads\/2017\/03\/IMG_7393-150x100.jpg 150w, https:\/\/www.cremeb.org.br\/wp-content\/uploads\/2017\/03\/IMG_7393-403x268.jpg 403w, https:\/\/www.cremeb.org.br\/wp-content\/uploads\/2017\/03\/IMG_7393-1024x683.jpg 1024w\" sizes=\"(max-width: 150px) 100vw, 150px\" \/><\/a>\n\t\t\t<\/dt><\/dl><dl class='gallery-item'>\n\t\t\t<dt class='gallery-icon landscape'>\n\t\t\t\t<a href='https:\/\/www.cremeb.org.br\/index.php\/noticias\/cremeb-fiscaliza-fechamento-do-centro-cirurgico-do-ernesto-simoes\/attachment\/img_7391\/'><img width=\"150\" height=\"100\" src=\"https:\/\/www.cremeb.org.br\/wp-content\/uploads\/2017\/03\/IMG_7391-150x100.jpg\" class=\"attachment-thumbnail size-thumbnail\" alt=\"\" decoding=\"async\" loading=\"lazy\" srcset=\"https:\/\/www.cremeb.org.br\/wp-content\/uploads\/2017\/03\/IMG_7391-150x100.jpg 150w, https:\/\/www.cremeb.org.br\/wp-content\/uploads\/2017\/03\/IMG_7391-403x268.jpg 403w, https:\/\/www.cremeb.org.br\/wp-content\/uploads\/2017\/03\/IMG_7391-1024x683.jpg 1024w\" sizes=\"(max-width: 150px) 100vw, 150px\" \/><\/a>\n\t\t\t<\/dt><\/dl><br style=\"clear: both\" \/><dl class='gallery-item'>\n\t\t\t<dt class='gallery-icon landscape'>\n\t\t\t\t<a href='https:\/\/www.cremeb.org.br\/index.php\/noticias\/cremeb-fiscaliza-fechamento-do-centro-cirurgico-do-ernesto-simoes\/attachment\/img_7388\/'><img width=\"150\" height=\"100\" src=\"https:\/\/www.cremeb.org.br\/wp-content\/uploads\/2017\/03\/IMG_7388-150x100.jpg\" class=\"attachment-thumbnail size-thumbnail\" alt=\"\" decoding=\"async\" loading=\"lazy\" srcset=\"https:\/\/www.cremeb.org.br\/wp-content\/uploads\/2017\/03\/IMG_7388-150x100.jpg 150w, https:\/\/www.cremeb.org.br\/wp-content\/uploads\/2017\/03\/IMG_7388-403x268.jpg 403w, https:\/\/www.cremeb.org.br\/wp-content\/uploads\/2017\/03\/IMG_7388-1024x683.jpg 1024w\" sizes=\"(max-width: 150px) 100vw, 150px\" \/><\/a>\n\t\t\t<\/dt><\/dl><dl class='gallery-item'>\n\t\t\t<dt class='gallery-icon landscape'>\n\t\t\t\t<a href='https:\/\/www.cremeb.org.br\/index.php\/noticias\/cremeb-fiscaliza-fechamento-do-centro-cirurgico-do-ernesto-simoes\/attachment\/img_7389\/'><img width=\"150\" height=\"100\" src=\"https:\/\/www.cremeb.org.br\/wp-content\/uploads\/2017\/03\/IMG_7389-150x100.jpg\" class=\"attachment-thumbnail size-thumbnail\" alt=\"\" decoding=\"async\" loading=\"lazy\" srcset=\"https:\/\/www.cremeb.org.br\/wp-content\/uploads\/2017\/03\/IMG_7389-150x100.jpg 150w, https:\/\/www.cremeb.org.br\/wp-content\/uploads\/2017\/03\/IMG_7389-403x268.jpg 403w, https:\/\/www.cremeb.org.br\/wp-content\/uploads\/2017\/03\/IMG_7389-1024x683.jpg 1024w\" sizes=\"(max-width: 150px) 100vw, 150px\" \/><\/a>\n\t\t\t<\/dt><\/dl><dl class='gallery-item'>\n\t\t\t<dt class='gallery-icon landscape'>\n\t\t\t\t<a href='https:\/\/www.cremeb.org.br\/index.php\/noticias\/cremeb-fiscaliza-fechamento-do-centro-cirurgico-do-ernesto-simoes\/attachment\/img_7395\/'><img width=\"150\" height=\"100\" src=\"https:\/\/www.cremeb.org.br\/wp-content\/uploads\/2017\/03\/IMG_7395-150x100.jpg\" class=\"attachment-thumbnail size-thumbnail\" alt=\"\" decoding=\"async\" loading=\"lazy\" srcset=\"https:\/\/www.cremeb.org.br\/wp-content\/uploads\/2017\/03\/IMG_7395-150x100.jpg 150w, https:\/\/www.cremeb.org.br\/wp-content\/uploads\/2017\/03\/IMG_7395-403x268.jpg 403w, https:\/\/www.cremeb.org.br\/wp-content\/uploads\/2017\/03\/IMG_7395-1024x683.jpg 1024w\" sizes=\"(max-width: 150px) 100vw, 150px\" \/><\/a>\n\t\t\t<\/dt><\/dl><dl class='gallery-item'>\n\t\t\t<dt class='gallery-icon landscape'>\n\t\t\t\t<a href='https:\/\/www.cremeb.org.br\/index.php\/noticias\/cremeb-fiscaliza-fechamento-do-centro-cirurgico-do-ernesto-simoes\/attachment\/img_7396\/'><img width=\"150\" height=\"100\" src=\"https:\/\/www.cremeb.org.br\/wp-content\/uploads\/2017\/03\/IMG_7396-150x100.jpg\" class=\"attachment-thumbnail size-thumbnail\" alt=\"\" decoding=\"async\" loading=\"lazy\" srcset=\"https:\/\/www.cremeb.org.br\/wp-content\/uploads\/2017\/03\/IMG_7396-150x100.jpg 150w, https:\/\/www.cremeb.org.br\/wp-content\/uploads\/2017\/03\/IMG_7396-403x268.jpg 403w, https:\/\/www.cremeb.org.br\/wp-content\/uploads\/2017\/03\/IMG_7396-1024x683.jpg 1024w\" sizes=\"(max-width: 150px) 100vw, 150px\" \/><\/a>\n\t\t\t<\/dt><\/dl><br style=\"clear: both\" \/><dl class='gallery-item'>\n\t\t\t<dt class='gallery-icon landscape'>\n\t\t\t\t<a href='https:\/\/www.cremeb.org.br\/index.php\/noticias\/cremeb-fiscaliza-fechamento-do-centro-cirurgico-do-ernesto-simoes\/attachment\/img_7397\/'><img width=\"150\" height=\"100\" src=\"https:\/\/www.cremeb.org.br\/wp-content\/uploads\/2017\/03\/IMG_7397-150x100.jpg\" class=\"attachment-thumbnail size-thumbnail\" alt=\"\" decoding=\"async\" loading=\"lazy\" srcset=\"https:\/\/www.cremeb.org.br\/wp-content\/uploads\/2017\/03\/IMG_7397-150x100.jpg 150w, https:\/\/www.cremeb.org.br\/wp-content\/uploads\/2017\/03\/IMG_7397-403x268.jpg 403w, https:\/\/www.cremeb.org.br\/wp-content\/uploads\/2017\/03\/IMG_7397-1024x683.jpg 1024w\" sizes=\"(max-width: 150px) 100vw, 150px\" \/><\/a>\n\t\t\t<\/dt><\/dl><dl class='gallery-item'>\n\t\t\t<dt class='gallery-icon landscape'>\n\t\t\t\t<a href='https:\/\/www.cremeb.org.br\/index.php\/noticias\/cremeb-fiscaliza-fechamento-do-centro-cirurgico-do-ernesto-simoes\/attachment\/img_7398\/'><img width=\"150\" height=\"100\" src=\"https:\/\/www.cremeb.org.br\/wp-content\/uploads\/2017\/03\/IMG_7398-150x100.jpg\" class=\"attachment-thumbnail size-thumbnail\" alt=\"\" decoding=\"async\" loading=\"lazy\" srcset=\"https:\/\/www.cremeb.org.br\/wp-content\/uploads\/2017\/03\/IMG_7398-150x100.jpg 150w, https:\/\/www.cremeb.org.br\/wp-content\/uploads\/2017\/03\/IMG_7398-403x268.jpg 403w, https:\/\/www.cremeb.org.br\/wp-content\/uploads\/2017\/03\/IMG_7398-1024x683.jpg 1024w\" sizes=\"(max-width: 150px) 100vw, 150px\" \/><\/a>\n\t\t\t<\/dt><\/dl><dl class='gallery-item'>\n\t\t\t<dt class='gallery-icon landscape'>\n\t\t\t\t<a href='https:\/\/www.cremeb.org.br\/index.php\/noticias\/cremeb-fiscaliza-fechamento-do-centro-cirurgico-do-ernesto-simoes\/attachment\/img_7399\/'><img width=\"150\" height=\"100\" src=\"https:\/\/www.cremeb.org.br\/wp-content\/uploads\/2017\/03\/IMG_7399-150x100.jpg\" class=\"attachment-thumbnail size-thumbnail\" alt=\"\" decoding=\"async\" loading=\"lazy\" srcset=\"https:\/\/www.cremeb.org.br\/wp-content\/uploads\/2017\/03\/IMG_7399-150x100.jpg 150w, https:\/\/www.cremeb.org.br\/wp-content\/uploads\/2017\/03\/IMG_7399-403x268.jpg 403w, https:\/\/www.cremeb.org.br\/wp-content\/uploads\/2017\/03\/IMG_7399-1024x683.jpg 1024w\" sizes=\"(max-width: 150px) 100vw, 150px\" \/><\/a>\n\t\t\t<\/dt><\/dl>\n\t\t\t<br style='clear: both' \/>\n\t\t<\/div>\n\n","protected":false},"excerpt":{"rendered":"<p>As motiva\u00e7\u00f5es que suspenderam o funcionamento do Centro Cir\u00fargico do Hospital Geral Ernesto Sim\u00f5es Filho (HGESF), em Salvador, foram o [&hellip;]<\/p>\n","protected":false},"author":2,"featured_media":13013,"comment_status":"open","ping_status":"open","sticky":false,"template":"","format":"standard","meta":{"_expiration-date-status":"","_expiration-date":0,"_expiration-date-type":"","_expiration-date-categories":[],"_expiration-date-options":[]},"categories":[4,1],"tags":[],"acf":[],"_links":{"self":[{"href":"https:\/\/www.cremeb.org.br\/index.php\/wp-json\/wp\/v2\/posts\/13005"}],"collection":[{"href":"https:\/\/www.cremeb.org.br\/index.php\/wp-json\/wp\/v2\/posts"}],"about":[{"href":"https:\/\/www.cremeb.org.br\/index.php\/wp-json\/wp\/v2\/types\/post"}],"author":[{"embeddable":true,"href":"https:\/\/www.cremeb.org.br\/index.php\/wp-json\/wp\/v2\/users\/2"}],"replies":[{"embeddable":true,"href":"https:\/\/www.cremeb.org.br\/index.php\/wp-json\/wp\/v2\/comments?post=13005"}],"version-history":[{"count":2,"href":"https:\/\/www.cremeb.org.br\/index.php\/wp-json\/wp\/v2\/posts\/13005\/revisions"}],"predecessor-version":[{"id":13019,"href":"https:\/\/www.cremeb.org.br\/index.php\/wp-json\/wp\/v2\/posts\/13005\/revisions\/13019"}],"wp:featuredmedia":[{"embeddable":true,"href":"https:\/\/www.cremeb.org.br\/index.php\/wp-json\/wp\/v2\/media\/13013"}],"wp:attachment":[{"href":"https:\/\/www.cremeb.org.br\/index.php\/wp-json\/wp\/v2\/media?parent=13005"}],"wp:term":[{"taxonomy":"category","embeddable":true,"href":"https:\/\/www.cremeb.org.br\/index.php\/wp-json\/wp\/v2\/categories?post=13005"},{"taxonomy":"post_tag","embeddable":true,"href":"https:\/\/www.cremeb.org.br\/index.php\/wp-json\/wp\/v2\/tags?post=13005"}],"curies":[{"name":"wp","href":"https:\/\/api.w.org\/{rel}","templated":true}]}}